{"id":955,"date":"2019-05-09T13:46:29","date_gmt":"2019-05-09T13:46:29","guid":{"rendered":"http:\/\/funhabit.org.ec\/?p=955"},"modified":"2022-04-10T00:00:10","modified_gmt":"2022-04-10T00:00:10","slug":"declaracion-del-encuentro-intercambio-de-experiencias-guardianes-del-agua-de-las-montanas","status":"publish","type":"post","link":"https:\/\/funhabit.org.ec\/?p=955","title":{"rendered":"Declaraci\u00f3n del ENCUENTRO &#8211; INTERCAMBIO DE EXPERIENCIAS Guardianes del Agua DE LAS MONTA\u00d1AS"},"content":{"rendered":"<p>\u201cCuidar el Agua es tarea de todos\u201dEn la Ciudad de San Miguel Ibarra, Provincia de Imbabura, Ecuador, los d\u00edas 9 y 10 de Mayo del 2019, en el marco del encuentro \u201cIntercambio de Experiencias Guardianes del Agua de las Monta\u00f1as\u201d, nos reunimos 45 representantes de organizaciones de base, alpaqueros, Gobernaciones ind\u00edgenas, redes ecol\u00f3gicas, mujeres, pastorales sociales, ONGs, acad\u00e9micos, representantes de gobiernos de Ecuador y Colombia, con el prop\u00f3sito de intercambiar experiencias organizativas, pol\u00edticas, educativas y culturales para el cuidado del agua de las monta\u00f1as, declaramos a la provincia y pa\u00edses de Ecuador y Colombia lo siguiente:<br \/>\n1.-Priorizar la biodiversidad del Ecuador y Colombia,sobre los intereses econ\u00f3micos generados por actividades extractivistas.<br \/>\n2.-Desmentir la falsa imagen del desarrollo y del Buen Vivir promovida por las empresas mineras y Gobiernos Nacionales.<br \/>\n3.-Involucrar a las comunidades para mantenerse en resistencia por la defensa de nuestra casa com\u00fan (Laudato Si).<br \/>\n4.-Socializar los efectos que ocasiona las actividades extractivitas en la naturaleza y a los seres humanos.<br \/>\n5.-Hacer un llamado para hacer pleno ejercicio del derecho a la consulta previa libre e informada.<br \/>\n6.-Fomentar la disponibilidad de alimentos sanos en cantidad y calidad producidos en armon\u00eda con la naturaleza, garantizando la seguridad, soberan\u00eda y autonom\u00eda alimentaria.<br \/>\n7,-Exigir a los Gobiernos Nacionales y Gobiernos Locales se genere ordenanzas y pol\u00edticas p\u00fablicas que garanticen la protecci\u00f3n de los derechos de la Pacha Mama y siembra de agua.<br \/>\n8.-Impulsar espacios de intercambio vivencial entre productores y consumidores.<br \/>\n9.-Promover una cultura de consumo sano, solidario y responsable.<br \/>\n10.-Participaci\u00f3n de los actores sociales, productivos, comunitarios, para junto con los Gobiernos Nacionales y Gobiernos Locales crear pol\u00edticas p\u00fablicas diferenciadas y preferenciales aplicando los principios agroecol\u00f3gicos y de la econom\u00eda social y solidaria.<br \/>\n11.-Impulsar para que la agroecolog\u00eda sea asumida como una filosof\u00eda de vida y rescate de saberes y semillas ancestrales.<br \/>\n12.-Fortalecer la organizaci\u00f3n comunitaria para incidir en el uso de espacios p\u00fablicos y defensa de la comercializaci\u00f3n mediante la realizaci\u00f3n de ferias agroecol\u00f3gicas solidarias y accesibles para el consumidor.<br \/>\n13.-Continuar promoviendo la articulaci\u00f3n de los productores y organizaciones en redes a nivel local, regional y nacional.<br \/>\n14.-Impulsar la certificaci\u00f3n agroecol\u00f3gica cruzada entre los mismos productores con un aval desde los Gobiernos Locales como mecanismo que garantiza la calidad, inocuidad y origen de los alimentos.<br \/>\n15.-Rechazar firmemente leyes que atentan contra la seguridad, soberan\u00eda y autonom\u00eda alimentaria y cuidado del agua.<\/p>\n<p>Ibarra-Ecuador, 10 de mayo del a\u00f1o 2019.<br \/>\nSuscriben:<br \/>\nPastoral Social Ipiales, Nari\u00f1o, Colombia.<br \/>\nGobernaci\u00f3n Ind\u00edgena Pukara de Pesillo, Pichincha.<br \/>\nPastoral Social Arquidi\u00f3cesis Cuenca.<br \/>\nAsociaci\u00f3n Campesina \u201cEl Morti\u00f1al\u201d, Carchi.<br \/>\nCabildo Ind\u00edgena La Merced de Chilco, Imbabura.<br \/>\nFundaci\u00f3n Heifer Ecuador.<br \/>\nAsociaci\u00f3n Asaraty, Chimborazo.<br \/>\nRed Nacional Ecol\u00f3gica, CARITAS<br \/>\nMAG-SIPT, Quito.<br \/>\nFEPP, Cuenca<br \/>\nFIAN, Ecuador.<br \/>\nFundaci\u00f3n Ecuatorial del H\u00e1bitat, FUNHABIT (Ecuador) MISEREOR<br \/>\nPastoral Social Loja.<br \/>\nFundaci\u00f3n Social Cultural, Ibarra<\/p>\n","protected":false},"excerpt":{"rendered":"<p>\u201cCuidar el Agua es tarea de todos\u201dEn la Ciudad de San Miguel Ibarra, Provincia de Imbabura, Ecuador, los d\u00edas 9 y 10 de Mayo del 2019, en el marco del encuentro \u201cIntercambio de Experiencias Guardianes del Agua de las Monta\u00f1as\u201d, nos reunimos 45 representantes de organizaciones de base, alpaqueros, Gobernaciones ind\u00edgenas, redes ecol\u00f3gicas, mujeres, pastorales [&hellip;]<\/p>\n","protected":false},"author":1,"featured_media":956,"comment_status":"closed","ping_status":"closed","sticky":false,"template":"","format":"standard","meta":[],"categories":[8],"tags":[],"_links":{"self":[{"href":"https:\/\/funhabit.org.ec\/index.php?rest_route=\/wp\/v2\/posts\/955"}],"collection":[{"href":"https:\/\/funhabit.org.ec\/index.php?rest_route=\/wp\/v2\/posts"}],"about":[{"href":"https:\/\/funhabit.org.ec\/index.php?rest_route=\/wp\/v2\/types\/post"}],"author":[{"embeddable":true,"href":"https:\/\/funhabit.org.ec\/index.php?rest_route=\/wp\/v2\/users\/1"}],"replies":[{"embeddable":true,"href":"https:\/\/funhabit.org.ec\/index.php?rest_route=%2Fwp%2Fv2%2Fcomments&post=955"}],"version-history":[{"count":2,"href":"https:\/\/funhabit.org.ec\/index.php?rest_route=\/wp\/v2\/posts\/955\/revisions"}],"predecessor-version":[{"id":961,"href":"https:\/\/funhabit.org.ec\/index.php?rest_route=\/wp\/v2\/posts\/955\/revisions\/961"}],"wp:featuredmedia":[{"embeddable":true,"href":"https:\/\/funhabit.org.ec\/index.php?rest_route=\/wp\/v2\/media\/956"}],"wp:attachment":[{"href":"https:\/\/funhabit.org.ec\/index.php?rest_route=%2Fwp%2Fv2%2Fmedia&parent=955"}],"wp:term":[{"taxonomy":"category","embeddable":true,"href":"https:\/\/funhabit.org.ec\/index.php?rest_route=%2Fwp%2Fv2%2Fcategories&post=955"},{"taxonomy":"post_tag","embeddable":true,"href":"https:\/\/funhabit.org.ec\/index.php?rest_route=%2Fwp%2Fv2%2Ftags&post=955"}],"curies":[{"name":"wp","href":"https:\/\/api.w.org\/{rel}","templated":true}]}}