{"id":925,"date":"2019-04-23T21:39:38","date_gmt":"2019-04-23T21:39:38","guid":{"rendered":"http:\/\/funhabit.org.ec\/?p=925"},"modified":"2022-04-10T00:00:34","modified_gmt":"2022-04-10T00:00:34","slug":"seguimiento-a-la-formacion-a-promotores-comunitarios","status":"publish","type":"post","link":"https:\/\/funhabit.org.ec\/?p=925","title":{"rendered":"SEGUIMIENTO A LA FORMACI\u00d3N A PROMOTORES COMUNITARIOS"},"content":{"rendered":"<p>Con el objetivo de llevar a la pr\u00e1ctica el conocimiento que adquieren los promotores comunitarios en formaci\u00f3n, el d\u00eda 23 de Abril del 2019, se llev\u00f3 a cabo la primera r\u00e9plica del taller sobre identificaci\u00f3n de la abundancia y escasez.<br \/>\nEl taller fue impartido por el promotor comunitario H\u00e9ctor Ayala de la Comunidad de Redrovan quien cont\u00f3 con el apoyo de Italo Moreno y Lorena Paredes (t\u00e9cnicos de Funhabit).<br \/>\nLa experiencia fue muy enriquecedora ya que se pudo visibi<span class=\"text_exposed_show\">lizar el nivel de aprendizaje adquirido por el compa\u00f1ero H\u00e9ctor, quien facilit\u00f3 el taller en su idioma Kichua logrando as\u00ed captar la atenci\u00f3n y el entendimiento de los participantes, entre ellos, padres de familia, alumnos y profesor de la escuela de Redrovan.<br \/>\nEsta pr\u00e1ctica permiti\u00f3 al grupo, terminar su participaci\u00f3n con el compromiso de cuidar su vivienda y en especial su escuela, que al momento sufre de un descuido en su cuidado y presencia. Esperamos que esto cambio de acuerdo al compromiso adquirido por alumnos y profesores del planten, estaremos dando seguiemiento al avance y nuevos compromisos a futuro.<\/span><\/p>\n<p>No fue f\u00e1cil la tarea para el promotor comunitario y el equipo de apoyo, pu\u00e9s los <span class=\"text_exposed_show\">cambios o nuevas formas de ver las realidades<\/span> son dif\u00edciles de aceptar, no es lo mismo vernos desde la pobreza a observarnos desde nuestra abundacia y a partir de ello, ver nuestra escasez y sobre todo partiendo de lo personal y de all\u00ed a lo grupal y comunitario.<\/p>\n<p><img decoding=\"async\" loading=\"lazy\" class=\"spotlight\" src=\"https:\/\/scontent.fuio4-1.fna.fbcdn.net\/v\/t1.0-9\/59516461_2486912938008089_3386327425062273024_n.jpg?_nc_cat=104&amp;_nc_ht=scontent.fuio4-1.fna&amp;oh=4b3d2494c3affe56f6fa0558ee09842a&amp;oe=5D3ACD85\" alt=\"La imagen puede contener: una o varias personas, exterior y naturaleza\" width=\"210\" height=\"158\" aria-busy=\"false\" \/>\u00a0 <img decoding=\"async\" loading=\"lazy\" class=\"spotlight\" src=\"https:\/\/scontent.fuio4-1.fna.fbcdn.net\/v\/t1.0-9\/58883136_2486912958008087_808845120404193280_n.jpg?_nc_cat=111&amp;_nc_ht=scontent.fuio4-1.fna&amp;oh=31b825b2c9cf6a5be343d6b38c3856c6&amp;oe=5D728EA2\" alt=\"La imagen puede contener: 3 personas, personas de pie, exterior y naturaleza\" width=\"212\" height=\"159\" aria-busy=\"false\" \/>\u00a0 <img decoding=\"async\" loading=\"lazy\" class=\"spotlight\" src=\"https:\/\/scontent.fuio4-1.fna.fbcdn.net\/v\/t1.0-9\/58769363_2486913124674737_6839809348152066048_n.jpg?_nc_cat=105&amp;_nc_ht=scontent.fuio4-1.fna&amp;oh=2f2f2d175c4fa7bd3ec1e62d59255294&amp;oe=5D2C7357\" alt=\"La imagen puede contener: una o varias personas, personas de pie y exterior\" width=\"210\" height=\"158\" aria-busy=\"false\" \/>\u00a0 <img decoding=\"async\" loading=\"lazy\" class=\"spotlight\" src=\"https:\/\/scontent.fuio4-1.fna.fbcdn.net\/v\/t1.0-9\/57457047_2486913201341396_6273878923650531328_n.jpg?_nc_cat=109&amp;_nc_ht=scontent.fuio4-1.fna&amp;oh=377e98e3beeb594c2f6524612166b724&amp;oe=5D30FCF5\" alt=\"La imagen puede contener: una o varias personas, personas de pie, monta\u00f1a, cielo, hierba, exterior y naturaleza\" width=\"211\" height=\"158\" aria-busy=\"false\" \/><\/p>\n<p><img decoding=\"async\" loading=\"lazy\" class=\"spotlight\" src=\"https:\/\/scontent.fuio4-1.fna.fbcdn.net\/v\/t1.0-9\/59418780_2486913314674718_3945408188475506688_n.jpg?_nc_cat=102&amp;_nc_ht=scontent.fuio4-1.fna&amp;oh=09c43f2890856ad7f9b000602f700a10&amp;oe=5D6BBAEB\" alt=\"La imagen puede contener: una o varias personas, personas de pie, cielo, exterior y naturaleza\" width=\"208\" height=\"156\" aria-busy=\"false\" \/>\u00a0\u00a0\u00a0 <img decoding=\"async\" loading=\"lazy\" class=\"spotlight\" src=\"https:\/\/scontent.fuio4-1.fna.fbcdn.net\/v\/t1.0-9\/58704251_2486913601341356_5992348004990844928_n.jpg?_nc_cat=108&amp;_nc_ht=scontent.fuio4-1.fna&amp;oh=0bc40f5ddcec0121c311e69bc2f68d49&amp;oe=5D331F9F\" alt=\"La imagen puede contener: 6 personas, hierba y exterior\" width=\"159\" height=\"159\" aria-busy=\"false\" \/>\u00a0 <img decoding=\"async\" loading=\"lazy\" class=\"spotlight\" src=\"https:\/\/scontent.fuio4-1.fna.fbcdn.net\/v\/t1.0-9\/59601887_2486913394674710_4973689535994003456_n.jpg?_nc_cat=107&amp;_nc_ht=scontent.fuio4-1.fna&amp;oh=c409063ff3613e1946551b4c65ca3a65&amp;oe=5D34C7F8\" alt=\"La imagen puede contener: una o varias personas, personas de pie, exterior y naturaleza\" width=\"208\" height=\"156\" aria-busy=\"false\" \/>\u00a0 <img decoding=\"async\" loading=\"lazy\" class=\"spotlight\" src=\"https:\/\/scontent.fuio4-1.fna.fbcdn.net\/v\/t1.0-9\/59452344_2486913678008015_5881236784431497216_n.jpg?_nc_cat=100&amp;_nc_ht=scontent.fuio4-1.fna&amp;oh=e23d93efeecfd806b86c6ea24ab62586&amp;oe=5D697A3B\" alt=\"La imagen puede contener: 5 personas, exterior y naturaleza\" width=\"160\" height=\"160\" aria-busy=\"false\" \/><\/p>\n","protected":false},"excerpt":{"rendered":"<p>Con el objetivo de llevar a la pr\u00e1ctica el conocimiento que adquieren los promotores comunitarios en formaci\u00f3n, el d\u00eda 23 de Abril del 2019, se llev\u00f3 a cabo la primera r\u00e9plica del taller sobre identificaci\u00f3n de la abundancia y escasez. El taller fue impartido por el promotor comunitario H\u00e9ctor Ayala de la Comunidad de Redrovan [&hellip;]<\/p>\n","protected":false},"author":1,"featured_media":926,"comment_status":"closed","ping_status":"closed","sticky":false,"template":"","format":"standard","meta":[],"categories":[7,6],"tags":[],"_links":{"self":[{"href":"https:\/\/funhabit.org.ec\/index.php?rest_route=\/wp\/v2\/posts\/925"}],"collection":[{"href":"https:\/\/funhabit.org.ec\/index.php?rest_route=\/wp\/v2\/posts"}],"about":[{"href":"https:\/\/funhabit.org.ec\/index.php?rest_route=\/wp\/v2\/types\/post"}],"author":[{"embeddable":true,"href":"https:\/\/funhabit.org.ec\/index.php?rest_route=\/wp\/v2\/users\/1"}],"replies":[{"embeddable":true,"href":"https:\/\/funhabit.org.ec\/index.php?rest_route=%2Fwp%2Fv2%2Fcomments&post=925"}],"version-history":[{"count":1,"href":"https:\/\/funhabit.org.ec\/index.php?rest_route=\/wp\/v2\/posts\/925\/revisions"}],"predecessor-version":[{"id":927,"href":"https:\/\/funhabit.org.ec\/index.php?rest_route=\/wp\/v2\/posts\/925\/revisions\/927"}],"wp:featuredmedia":[{"embeddable":true,"href":"https:\/\/funhabit.org.ec\/index.php?rest_route=\/wp\/v2\/media\/926"}],"wp:attachment":[{"href":"https:\/\/funhabit.org.ec\/index.php?rest_route=%2Fwp%2Fv2%2Fmedia&parent=925"}],"wp:term":[{"taxonomy":"category","embeddable":true,"href":"https:\/\/funhabit.org.ec\/index.php?rest_route=%2Fwp%2Fv2%2Fcategories&post=925"},{"taxonomy":"post_tag","embeddable":true,"href":"https:\/\/funhabit.org.ec\/index.php?rest_route=%2Fwp%2Fv2%2Ftags&post=925"}],"curies":[{"name":"wp","href":"https:\/\/api.w.org\/{rel}","templated":true}]}}