{"id":883,"date":"2019-02-19T13:13:50","date_gmt":"2019-02-19T13:13:50","guid":{"rendered":"http:\/\/funhabit.org.ec\/?p=883"},"modified":"2022-04-10T00:01:40","modified_gmt":"2022-04-10T00:01:40","slug":"intercambio-de-experiencias-entre-productores-de-abonos-organicos-mejorados-con-microorganismo-para-disminuir-eliminar-el-uso-de-productos-quimicos","status":"publish","type":"post","link":"https:\/\/funhabit.org.ec\/?p=883","title":{"rendered":"INTERCAMBIO DE EXPERIENCIAS ENTRE PRODUCTORES DE ABONOS ORG\u00c1NICOS MEJORADOS CON MICROORGANISMO. Para disminuir, eliminar el uso de productos qu\u00edmicos."},"content":{"rendered":"<div id=\"js_2n4\" class=\"_5pbx userContent _3576\" data-ft=\"{&quot;tn&quot;:&quot;K&quot;}\">\n<div id=\"id_5cbc6c969801a3d38752942\" class=\"text_exposed_root text_exposed\">\n<p>El d\u00eda martes 19 de febrero del 2019, se llev\u00f3 a cabo el intercambio de experiencias a la f\u00e1brica de bioinsumos del centro agr\u00edcola cantonal de Quevedo, en el que participaron el grupo productor de BIOEMA de la parroquia Guasaganda, representantes de la comunidad de Guayama Grande, t\u00e9cnicos del Mag, Fian y Funhabit.<\/p>\n<p>La experiencia fue <span class=\"text_exposed_show\">muy enriquecedora ya que se pudo visibilizar el trabajo conjunto que se viene desarrollando con las organizaciones a las que apoya Fian, Funhabit y MAG, tanto en la provincia de Cotopaxi como en la provincia de Los R\u00edos. Luego de recorrer las instalaciones de producci\u00f3n de bioinsumos y producci\u00f3n de microorganismos ben\u00e9ficos, Mario Mac\u00edas Director del Fian y presidente del centro agr\u00edcola cantonal de Quevedo, explic\u00f3 el proceso que se desarrolla actualmente en la Biof\u00e1brica y las adversidades econ\u00f3micas y sociales que como organizaci\u00f3n han tenido que pasar para lograrlo, sin embargo con la dedicaci\u00f3n y constancia de sus socios y con el apoyo del proyecto ANEC TJ (Agroecolog\u00eda nativa del Ecuador) han logrado sostenerlo. Uno de los puntos m\u00e1s sobresalientes del encuentro fue compartir conocimientos y experiencias entre el grupo productor de BIOEMA y socios del centro agr\u00edcola, quienes est\u00e1n encaminados hacia un mismo objetivo, disminuir el uso de qu\u00edmicos en los cultivos y preservar el medio ambiente.<\/span><\/p>\n<div class=\"text_exposed_show\">\n<p>El intercambio finaliz\u00f3 con compromisos entre los grupos de pr\u00f3ximos encuentros y el apoyo mutuo para la difusi\u00f3n de sus productos.<\/p>\n<p><img decoding=\"async\" loading=\"lazy\" class=\"spotlight\" src=\"https:\/\/scontent.fuio4-1.fna.fbcdn.net\/v\/t1.0-9\/53300066_2388962444469806_811825664498860032_n.jpg?_nc_cat=110&amp;_nc_ht=scontent.fuio4-1.fna&amp;oh=2ceca5a11ba8edb341235b57cf7873e5&amp;oe=5D761F1E\" alt=\"La imagen puede contener: 8 personas, personas de pie\" width=\"244\" height=\"183\" aria-busy=\"false\" \/>\u00a0\u00a0<img decoding=\"async\" loading=\"lazy\" class=\"spotlight\" src=\"https:\/\/scontent.fuio4-1.fna.fbcdn.net\/v\/t1.0-9\/52851274_2388962631136454_1166492703614042112_n.jpg?_nc_cat=106&amp;_nc_ht=scontent.fuio4-1.fna&amp;oh=71433a7c47bdabfce2640aba3aba21f7&amp;oe=5D43A139\" alt=\"La imagen puede contener: una persona, exterior y comida\" width=\"241\" height=\"181\" aria-busy=\"false\" \/>\u00a0 <img decoding=\"async\" loading=\"lazy\" class=\"spotlight\" src=\"https:\/\/scontent.fuio4-1.fna.fbcdn.net\/v\/t1.0-9\/52565957_2388963801136337_4721288210817220608_n.jpg?_nc_cat=109&amp;_nc_ht=scontent.fuio4-1.fna&amp;oh=7dc7e894bcffca75289108f80d978174&amp;oe=5D419FC4\" alt=\"La imagen puede contener: 4 personas, personas sentadas, personas comiendo, mesa, interior y comida\" width=\"243\" height=\"182\" aria-busy=\"false\" \/><\/p>\n<p>&nbsp;<\/p>\n<\/div>\n<\/div>\n<\/div>\n","protected":false},"excerpt":{"rendered":"<p>El d\u00eda martes 19 de febrero del 2019, se llev\u00f3 a cabo el intercambio de experiencias a la f\u00e1brica de bioinsumos del centro agr\u00edcola cantonal de Quevedo, en el que participaron el grupo productor de BIOEMA de la parroquia Guasaganda, representantes de la comunidad de Guayama Grande, t\u00e9cnicos del Mag, Fian y Funhabit. La experiencia [&hellip;]<\/p>\n","protected":false},"author":1,"featured_media":884,"comment_status":"closed","ping_status":"closed","sticky":false,"template":"","format":"standard","meta":[],"categories":[8,12],"tags":[],"_links":{"self":[{"href":"https:\/\/funhabit.org.ec\/index.php?rest_route=\/wp\/v2\/posts\/883"}],"collection":[{"href":"https:\/\/funhabit.org.ec\/index.php?rest_route=\/wp\/v2\/posts"}],"about":[{"href":"https:\/\/funhabit.org.ec\/index.php?rest_route=\/wp\/v2\/types\/post"}],"author":[{"embeddable":true,"href":"https:\/\/funhabit.org.ec\/index.php?rest_route=\/wp\/v2\/users\/1"}],"replies":[{"embeddable":true,"href":"https:\/\/funhabit.org.ec\/index.php?rest_route=%2Fwp%2Fv2%2Fcomments&post=883"}],"version-history":[{"count":1,"href":"https:\/\/funhabit.org.ec\/index.php?rest_route=\/wp\/v2\/posts\/883\/revisions"}],"predecessor-version":[{"id":885,"href":"https:\/\/funhabit.org.ec\/index.php?rest_route=\/wp\/v2\/posts\/883\/revisions\/885"}],"wp:featuredmedia":[{"embeddable":true,"href":"https:\/\/funhabit.org.ec\/index.php?rest_route=\/wp\/v2\/media\/884"}],"wp:attachment":[{"href":"https:\/\/funhabit.org.ec\/index.php?rest_route=%2Fwp%2Fv2%2Fmedia&parent=883"}],"wp:term":[{"taxonomy":"category","embeddable":true,"href":"https:\/\/funhabit.org.ec\/index.php?rest_route=%2Fwp%2Fv2%2Fcategories&post=883"},{"taxonomy":"post_tag","embeddable":true,"href":"https:\/\/funhabit.org.ec\/index.php?rest_route=%2Fwp%2Fv2%2Ftags&post=883"}],"curies":[{"name":"wp","href":"https:\/\/api.w.org\/{rel}","templated":true}]}}