{"id":877,"date":"2019-03-13T12:59:09","date_gmt":"2019-03-13T12:59:09","guid":{"rendered":"http:\/\/funhabit.org.ec\/?p=877"},"modified":"2022-04-10T00:01:00","modified_gmt":"2022-04-10T00:01:00","slug":"intercambio-de-experiencias-y-saberes-pada-reforzar-la-vision-y-el-camino-a-recorrer-por-el-grupo-de-artesanos-productores-de-mobiliario","status":"publish","type":"post","link":"https:\/\/funhabit.org.ec\/?p=877","title":{"rendered":"INTERCAMBIO DE EXPERIENCIAS Y SABERES PADA REFORZAR LA VISION Y EL CAMINO A RECORRER POR EL GRUPO DE ARTESANOS PRODUCTORES DE MOBILIARIO"},"content":{"rendered":"<div id=\"js_6v\" class=\"_5pbx userContent _3576\" data-ft=\"{&quot;tn&quot;:&quot;K&quot;}\">\n<div id=\"id_5cbc56d908bc02f66119806\" class=\"text_exposed_root text_exposed\">\n<p>El d\u00eda mi\u00e9rcoles 13 de marzo del 2019, se realiz\u00f3 un intercambio de experiencias al Centro de Arte \u201cSan Nicol\u00e1s\u201d en el que participaron dos representantes del \u00e1rea operativa y administrativa del grupo de artesanos \u201cMushuk Muyu\u201d de la comunidad de Cuisana y t\u00e9cnicos de Funhabit, para conocer las l\u00edneas de producci\u00f3n de mobiliario y el trabajo que vie<span class=\"text_exposed_show\">nen desarrollando en madera desde hace 34 a\u00f1os con j\u00f3venes internos de bajo recursos econ\u00f3micos. La experiencia comienza con el recibimiento de Francesco Piovanelli, actual director del centro, quien nos cuenta la trayectoria y labor social que desarrolla.<\/span><\/p>\n<div class=\"text_exposed_show\">\n<p>La primera visita fue el taller de almacenamiento, secado y preparaci\u00f3n de madera en la que se pudieron reconocer las m\u00e1quinas principales para lograr el trabajo inicial, seguidamente nos trasladamos al taller de fabricaci\u00f3n de mobiliario con madera en donde se encontraban trabajando los j\u00f3venes estudiantes, en \u00e9ste punto Francesco nos se explica que la formaci\u00f3n va encaminada desde su etapa inicial en trabajar la madera como lo hac\u00edan tradicionalmente, sin la utilizaci\u00f3n de clavos y tornillos, sino m\u00e1s bien uniones con empalmes de madera que ellos mismos fabrican. Se logr\u00f3 ver trabajos en madera desde sus inicios en varios talleres visitados hasta sus acabados en el centro de exposiciones en donde existe una gran variedad de mobiliario, cajas, pinturas, esculturas, mesas, salas, camas, entre otros fueron los trabajos que se pudieron mirar.<\/p>\n<p>En cada \u00e1rea visitada las preguntas de los compa\u00f1eros de la comunidad de Cuisana mostraban su inter\u00e9s al tema y su entusiasmo por aprender de una nueva experiencia fue evidente, al igual que Francesco ellos compartieron su experiencia y reconocieron que les queda mucho camino por recorrer pero que cada visita les ayuda a abrir su mente y organizar de mejor manera el trabajo en grupo.<\/p>\n<p><img decoding=\"async\" loading=\"lazy\" class=\"spotlight\" src=\"https:\/\/scontent.fuio4-1.fna.fbcdn.net\/v\/t1.0-9\/54434374_2418765564822827_5939737022141825024_n.jpg?_nc_cat=105&amp;_nc_ht=scontent.fuio4-1.fna&amp;oh=b3cecc07525532a1cecddccb51da2cdc&amp;oe=5D71E0C3\" alt=\"La imagen puede contener: 4 personas, personas de pie\" width=\"240\" height=\"180\" aria-busy=\"false\" \/>\u00a0 <img decoding=\"async\" loading=\"lazy\" class=\"spotlight\" src=\"https:\/\/scontent.fuio4-1.fna.fbcdn.net\/v\/t1.0-9\/53713860_2418765751489475_6254783567771992064_n.jpg?_nc_cat=103&amp;_nc_ht=scontent.fuio4-1.fna&amp;oh=21a982dbb7e662277dc25f49c0f4a510&amp;oe=5D3C7670\" alt=\"La imagen puede contener: una persona, sentada, mesa e interior\" width=\"237\" height=\"178\" aria-busy=\"false\" \/>\u00a0 <img decoding=\"async\" loading=\"lazy\" class=\"spotlight\" src=\"https:\/\/scontent.fuio4-1.fna.fbcdn.net\/v\/t1.0-9\/53636723_2418765874822796_1442062512609558528_n.jpg?_nc_cat=100&amp;_nc_ht=scontent.fuio4-1.fna&amp;oh=8b29bfcb3ff6c02b3d862c69f4eaa3ca&amp;oe=5D3244A8\" alt=\"La imagen puede contener: personas sentadas, mesa e interior\" width=\"238\" height=\"178\" aria-busy=\"false\" \/><\/p>\n<p><img decoding=\"async\" loading=\"lazy\" class=\"spotlight\" src=\"https:\/\/scontent.fuio4-1.fna.fbcdn.net\/v\/t1.0-9\/54524370_2418765791489471_7874878818467446784_n.jpg?_nc_cat=100&amp;_nc_ht=scontent.fuio4-1.fna&amp;oh=fada5792705a1f40759f0f39bd1d3dac&amp;oe=5D6E9186\" alt=\"La imagen puede contener: una persona, sentada, de pie e interior\" width=\"183\" height=\"244\" aria-busy=\"false\" \/>\u00a0 <img decoding=\"async\" loading=\"lazy\" class=\"spotlight\" src=\"https:\/\/scontent.fuio4-1.fna.fbcdn.net\/v\/t1.0-9\/54432839_2418765928156124_776165032076509184_n.jpg?_nc_cat=107&amp;_nc_ht=scontent.fuio4-1.fna&amp;oh=1005a40c6dd5d738afd929a36097898d&amp;oe=5D30048B\" alt=\"La imagen puede contener: 2 personas, personas sentadas e interior\" width=\"182\" height=\"242\" aria-busy=\"false\" \/>\u00a0 <img decoding=\"async\" loading=\"lazy\" class=\"spotlight\" src=\"https:\/\/scontent.fuio4-1.fna.fbcdn.net\/v\/t1.0-9\/54258112_2418765971489453_7289839281307123712_n.jpg?_nc_cat=101&amp;_nc_ht=scontent.fuio4-1.fna&amp;oh=4de71c0e444890588e2072728a81f3c9&amp;oe=5D41EC8B\" alt=\"La imagen puede contener: una o varias personas e interior\" width=\"179\" height=\"239\" aria-busy=\"false\" \/> <img decoding=\"async\" loading=\"lazy\" class=\"spotlight\" src=\"https:\/\/scontent.fuio4-1.fna.fbcdn.net\/v\/t1.0-9\/53868164_2418766041489446_1116532789328478208_n.jpg?_nc_cat=107&amp;_nc_ht=scontent.fuio4-1.fna&amp;oh=57eceb4aff5a131b39164e46f5121c77&amp;oe=5D2A53D0\" alt=\"La imagen puede contener: una o varias personas, personas sentadas e interior\" width=\"180\" height=\"240\" aria-busy=\"false\" \/><\/p>\n<\/div>\n<\/div>\n<\/div>\n","protected":false},"excerpt":{"rendered":"<p>El d\u00eda mi\u00e9rcoles 13 de marzo del 2019, se realiz\u00f3 un intercambio de experiencias al Centro de Arte \u201cSan Nicol\u00e1s\u201d en el que participaron dos representantes del \u00e1rea operativa y administrativa del grupo de artesanos \u201cMushuk Muyu\u201d de la comunidad de Cuisana y t\u00e9cnicos de Funhabit, para conocer las l\u00edneas de producci\u00f3n de mobiliario y [&hellip;]<\/p>\n","protected":false},"author":1,"featured_media":878,"comment_status":"closed","ping_status":"closed","sticky":false,"template":"","format":"standard","meta":[],"categories":[8,9],"tags":[],"_links":{"self":[{"href":"https:\/\/funhabit.org.ec\/index.php?rest_route=\/wp\/v2\/posts\/877"}],"collection":[{"href":"https:\/\/funhabit.org.ec\/index.php?rest_route=\/wp\/v2\/posts"}],"about":[{"href":"https:\/\/funhabit.org.ec\/index.php?rest_route=\/wp\/v2\/types\/post"}],"author":[{"embeddable":true,"href":"https:\/\/funhabit.org.ec\/index.php?rest_route=\/wp\/v2\/users\/1"}],"replies":[{"embeddable":true,"href":"https:\/\/funhabit.org.ec\/index.php?rest_route=%2Fwp%2Fv2%2Fcomments&post=877"}],"version-history":[{"count":2,"href":"https:\/\/funhabit.org.ec\/index.php?rest_route=\/wp\/v2\/posts\/877\/revisions"}],"predecessor-version":[{"id":904,"href":"https:\/\/funhabit.org.ec\/index.php?rest_route=\/wp\/v2\/posts\/877\/revisions\/904"}],"wp:featuredmedia":[{"embeddable":true,"href":"https:\/\/funhabit.org.ec\/index.php?rest_route=\/wp\/v2\/media\/878"}],"wp:attachment":[{"href":"https:\/\/funhabit.org.ec\/index.php?rest_route=%2Fwp%2Fv2%2Fmedia&parent=877"}],"wp:term":[{"taxonomy":"category","embeddable":true,"href":"https:\/\/funhabit.org.ec\/index.php?rest_route=%2Fwp%2Fv2%2Fcategories&post=877"},{"taxonomy":"post_tag","embeddable":true,"href":"https:\/\/funhabit.org.ec\/index.php?rest_route=%2Fwp%2Fv2%2Ftags&post=877"}],"curies":[{"name":"wp","href":"https:\/\/api.w.org\/{rel}","templated":true}]}}