{"id":841,"date":"2017-11-27T21:11:26","date_gmt":"2017-11-27T21:11:26","guid":{"rendered":"http:\/\/funhabit.org.ec\/?p=841"},"modified":"2022-04-10T00:06:03","modified_gmt":"2022-04-10T00:06:03","slug":"reflexion-e-intercambio-sobre-la-participacion-de-actores-sociales-en-procesos-de-desarrollo","status":"publish","type":"post","link":"https:\/\/funhabit.org.ec\/?p=841","title":{"rendered":"REFLEXI\u00d3N E INTERCAMBIO sobre la participaci\u00f3n de actores sociales en procesos de desarrollo"},"content":{"rendered":"<p>Los d\u00edas 28 y 29 de noviembre del 2017 se realiz\u00f3 el taller de reflexi\u00f3n e intercambio de experiencias en el manejo y participaci\u00f3n de actores sociales en los procesos de desarrollo, fue muy motivador y did\u00e1ctico el trabajo de visibilizaci\u00f3n y b\u00fasqueda de actores en cada uno de los proyectos de las coopartes de PpM y ver o identificar su forma de relaci\u00f3n con ellos y entre ellos. Quedaron lecciones y tareas por emprender y para aprender.<br \/>\nEste espacio fue promovido por la IFFA y facilitado por M\u00f3nica J\u00e1come.<\/p>\n<p><img decoding=\"async\" loading=\"lazy\" class=\"spotlight\" src=\"https:\/\/scontent.fuio4-1.fna.fbcdn.net\/v\/t1.0-9\/25299372_1813956981970358_742841111697572128_n.jpg?_nc_cat=105&amp;_nc_ht=scontent.fuio4-1.fna&amp;oh=11c3d10f20aebe925eedff953a910b93&amp;oe=5D2D7002\" alt=\"La imagen puede contener: una persona, sentada, mesa e interior\" width=\"232\" height=\"174\" aria-busy=\"false\" \/>\u00a0 <img decoding=\"async\" loading=\"lazy\" class=\"spotlight\" src=\"https:\/\/scontent.fuio4-1.fna.fbcdn.net\/v\/t1.0-9\/25151906_1813956741970382_8942422635545492280_n.jpg?_nc_cat=100&amp;_nc_ht=scontent.fuio4-1.fna&amp;oh=0f5a4e3d7ee866b9617e0bb1e4e0d594&amp;oe=5D46A51C\" alt=\"La imagen puede contener: una o varias personas e interior\" width=\"231\" height=\"173\" aria-busy=\"false\" \/>\u00a0 <img decoding=\"async\" loading=\"lazy\" class=\"spotlight\" src=\"https:\/\/scontent.fuio4-1.fna.fbcdn.net\/v\/t1.0-9\/24993421_1813956778637045_3184978796127385715_n.jpg?_nc_cat=107&amp;_nc_ht=scontent.fuio4-1.fna&amp;oh=9f9bc93cbfb7987074f27f42d4f0a202&amp;oe=5D45BE56\" alt=\"La imagen puede contener: una persona, sentada, mesa e interior\" width=\"230\" height=\"173\" aria-busy=\"false\" \/><\/p>\n<p><img decoding=\"async\" loading=\"lazy\" class=\"spotlight\" src=\"https:\/\/scontent.fuio4-1.fna.fbcdn.net\/v\/t1.0-9\/24993438_1813956825303707_7470543513876624924_n.jpg?_nc_cat=109&amp;_nc_ht=scontent.fuio4-1.fna&amp;oh=117f180a208cc46f11d66a4264f6fb57&amp;oe=5D71ABC4\" alt=\"No hay ninguna descripci\u00f3n de la foto disponible.\" width=\"185\" height=\"246\" aria-busy=\"false\" \/>\u00a0 <img decoding=\"async\" loading=\"lazy\" class=\"spotlight\" src=\"https:\/\/scontent.fuio4-1.fna.fbcdn.net\/v\/t1.0-9\/25348556_1813956938637029_267890420846617546_n.jpg?_nc_cat=110&amp;_nc_ht=scontent.fuio4-1.fna&amp;oh=d5264a8bf42edd0cc319464dd0c9e007&amp;oe=5D34CDEE\" alt=\"No hay ninguna descripci\u00f3n de la foto disponible.\" width=\"180\" height=\"240\" aria-busy=\"false\" \/>\u00a0 <img decoding=\"async\" loading=\"lazy\" class=\"spotlight\" src=\"https:\/\/scontent.fuio4-1.fna.fbcdn.net\/v\/t1.0-9\/25289746_1813956978637025_354092506752918915_n.jpg?_nc_cat=111&amp;_nc_ht=scontent.fuio4-1.fna&amp;oh=d95f2ceccaecc1822b5428be541ae5e4&amp;oe=5D3D82B8\" alt=\"La imagen puede contener: texto\" width=\"177\" height=\"236\" aria-busy=\"false\" \/>\u00a0 <img decoding=\"async\" loading=\"lazy\" class=\"spotlight\" src=\"https:\/\/scontent.fuio4-1.fna.fbcdn.net\/v\/t1.0-9\/25152206_1813956725303717_5245374310586022681_n.jpg?_nc_cat=104&amp;_nc_ht=scontent.fuio4-1.fna&amp;oh=4912ef16e87cf9bfe93a522ab899d6d3&amp;oe=5D2AC9BC\" alt=\"La imagen puede contener: una persona, de pie\" width=\"179\" height=\"239\" aria-busy=\"false\" \/><\/p>\n<p>&nbsp;<\/p>\n","protected":false},"excerpt":{"rendered":"<p>Los d\u00edas 28 y 29 de noviembre del 2017 se realiz\u00f3 el taller de reflexi\u00f3n e intercambio de experiencias en el manejo y participaci\u00f3n de actores sociales en los procesos de desarrollo, fue muy motivador y did\u00e1ctico el trabajo de visibilizaci\u00f3n y b\u00fasqueda de actores en cada uno de los proyectos de las coopartes de [&hellip;]<\/p>\n","protected":false},"author":1,"featured_media":842,"comment_status":"closed","ping_status":"closed","sticky":false,"template":"","format":"standard","meta":[],"categories":[8,20],"tags":[],"_links":{"self":[{"href":"https:\/\/funhabit.org.ec\/index.php?rest_route=\/wp\/v2\/posts\/841"}],"collection":[{"href":"https:\/\/funhabit.org.ec\/index.php?rest_route=\/wp\/v2\/posts"}],"about":[{"href":"https:\/\/funhabit.org.ec\/index.php?rest_route=\/wp\/v2\/types\/post"}],"author":[{"embeddable":true,"href":"https:\/\/funhabit.org.ec\/index.php?rest_route=\/wp\/v2\/users\/1"}],"replies":[{"embeddable":true,"href":"https:\/\/funhabit.org.ec\/index.php?rest_route=%2Fwp%2Fv2%2Fcomments&post=841"}],"version-history":[{"count":2,"href":"https:\/\/funhabit.org.ec\/index.php?rest_route=\/wp\/v2\/posts\/841\/revisions"}],"predecessor-version":[{"id":844,"href":"https:\/\/funhabit.org.ec\/index.php?rest_route=\/wp\/v2\/posts\/841\/revisions\/844"}],"wp:featuredmedia":[{"embeddable":true,"href":"https:\/\/funhabit.org.ec\/index.php?rest_route=\/wp\/v2\/media\/842"}],"wp:attachment":[{"href":"https:\/\/funhabit.org.ec\/index.php?rest_route=%2Fwp%2Fv2%2Fmedia&parent=841"}],"wp:term":[{"taxonomy":"category","embeddable":true,"href":"https:\/\/funhabit.org.ec\/index.php?rest_route=%2Fwp%2Fv2%2Fcategories&post=841"},{"taxonomy":"post_tag","embeddable":true,"href":"https:\/\/funhabit.org.ec\/index.php?rest_route=%2Fwp%2Fv2%2Ftags&post=841"}],"curies":[{"name":"wp","href":"https:\/\/api.w.org\/{rel}","templated":true}]}}