{"id":756,"date":"2015-05-20T12:43:26","date_gmt":"2015-05-20T12:43:26","guid":{"rendered":"http:\/\/funhabit.org.ec\/?p=756"},"modified":"2022-04-10T00:33:50","modified_gmt":"2022-04-10T00:33:50","slug":"vivienda-alternativa-para-la-costa-y-subtropico","status":"publish","type":"post","link":"https:\/\/funhabit.org.ec\/?p=756","title":{"rendered":"Vivienda alternativa para la COSTA Y SUBTROPICO"},"content":{"rendered":"<p><img decoding=\"async\" loading=\"lazy\" class=\"spotlight\" src=\"https:\/\/scontent.fuio4-1.fna.fbcdn.net\/v\/t1.0-9\/11377273_978296238869774_699157262169883901_n.jpg?_nc_cat=110&amp;_nc_ht=scontent.fuio4-1.fna&amp;oh=d92d0ebe3284514f21a4fbbc9a056ec4&amp;oe=5D4B42BC\" alt=\"No hay ninguna descripci\u00f3n de la foto disponible.\" width=\"195\" height=\"260\" aria-busy=\"false\" \/>\u00a0\u00a0<img decoding=\"async\" loading=\"lazy\" class=\"spotlight\" src=\"https:\/\/scontent.fuio4-1.fna.fbcdn.net\/v\/t1.0-9\/1546204_978298482202883_28823398884564519_n.jpg?_nc_cat=101&amp;_nc_ht=scontent.fuio4-1.fna&amp;oh=b9b07dd2f3d42390894394acaf239115&amp;oe=5D0555F6\" alt=\"No hay ninguna descripci\u00f3n de la foto disponible.\" width=\"196\" height=\"262\" aria-busy=\"false\" \/>\u00a0<img decoding=\"async\" loading=\"lazy\" class=\"spotlight\" src=\"https:\/\/scontent.fuio4-1.fna.fbcdn.net\/v\/t1.0-9\/11393265_978295542203177_2270571830483983241_n.jpg?_nc_cat=108&amp;_nc_ht=scontent.fuio4-1.fna&amp;oh=d59cc2f8e8311914c95db67ceec0ef44&amp;oe=5D48E955\" alt=\"No hay ninguna descripci\u00f3n de la foto disponible.\" width=\"195\" height=\"260\" aria-busy=\"false\" \/><br \/>\nCon fecha 20 de mayo del 2015, la Funhabit se ha empe\u00f1ado en el desarrollo de una alternativa de vivienda para el Subtr\u00f3pico y la Costa en su \u00e1rea rural. Utilizando materiales locales, recurso humano de la zona y buscando obtener costos que permitan el acceso a las familias menos favorecidas, familias a las que no se llegan con las propuestas actuales. Es un sistema prefabricado que permite dinamizar el trabajo y la organizaci\u00f3n de la obra. Esperamos tenga acogida en los sectores poblacionales que la necesitan y en los responsables p\u00fablicos de dar respuesta al problema de la vivienda. Agradecemos a la familia Ayabaca Fuentes con quienes se tuvo este sueno y se lo pudo concretar con su esfuerzo.<\/p>\n","protected":false},"excerpt":{"rendered":"<p>\u00a0\u00a0\u00a0 Con fecha 20 de mayo del 2015, la Funhabit se ha empe\u00f1ado en el desarrollo de una alternativa de vivienda para el Subtr\u00f3pico y la Costa en su \u00e1rea rural. Utilizando materiales locales, recurso humano de la zona y buscando obtener costos que permitan el acceso a las familias menos favorecidas, familias a las [&hellip;]<\/p>\n","protected":false},"author":1,"featured_media":0,"comment_status":"closed","ping_status":"closed","sticky":false,"template":"","format":"standard","meta":[],"categories":[17,1],"tags":[18],"_links":{"self":[{"href":"https:\/\/funhabit.org.ec\/index.php?rest_route=\/wp\/v2\/posts\/756"}],"collection":[{"href":"https:\/\/funhabit.org.ec\/index.php?rest_route=\/wp\/v2\/posts"}],"about":[{"href":"https:\/\/funhabit.org.ec\/index.php?rest_route=\/wp\/v2\/types\/post"}],"author":[{"embeddable":true,"href":"https:\/\/funhabit.org.ec\/index.php?rest_route=\/wp\/v2\/users\/1"}],"replies":[{"embeddable":true,"href":"https:\/\/funhabit.org.ec\/index.php?rest_route=%2Fwp%2Fv2%2Fcomments&post=756"}],"version-history":[{"count":1,"href":"https:\/\/funhabit.org.ec\/index.php?rest_route=\/wp\/v2\/posts\/756\/revisions"}],"predecessor-version":[{"id":757,"href":"https:\/\/funhabit.org.ec\/index.php?rest_route=\/wp\/v2\/posts\/756\/revisions\/757"}],"wp:attachment":[{"href":"https:\/\/funhabit.org.ec\/index.php?rest_route=%2Fwp%2Fv2%2Fmedia&parent=756"}],"wp:term":[{"taxonomy":"category","embeddable":true,"href":"https:\/\/funhabit.org.ec\/index.php?rest_route=%2Fwp%2Fv2%2Fcategories&post=756"},{"taxonomy":"post_tag","embeddable":true,"href":"https:\/\/funhabit.org.ec\/index.php?rest_route=%2Fwp%2Fv2%2Ftags&post=756"}],"curies":[{"name":"wp","href":"https:\/\/api.w.org\/{rel}","templated":true}]}}