{"id":704,"date":"2018-11-06T13:44:35","date_gmt":"2018-11-06T13:44:35","guid":{"rendered":"http:\/\/funhabit.org.ec\/?p=704"},"modified":"2022-04-10T00:03:24","modified_gmt":"2022-04-10T00:03:24","slug":"encuentro-de-copartes-de-misereor","status":"publish","type":"post","link":"https:\/\/funhabit.org.ec\/?p=704","title":{"rendered":"Encuentro DE COPARTES DE MISEREOR"},"content":{"rendered":"<p><img decoding=\"async\" loading=\"lazy\" class=\"img\" src=\"https:\/\/scontent.fuio4-1.fna.fbcdn.net\/v\/t1.0-0\/c20.0.200.200a\/p200x200\/46075919_2236034259762626_8097029009646288896_n.jpg?_nc_cat=101&amp;_nc_ht=scontent.fuio4-1.fna&amp;oh=800d5ab4d46c55ad37cee0eb83e162f4&amp;oe=5D049D55\" alt=\"La imagen puede contener: 2 personas, personas en el escenario e interior\" width=\"200\" height=\"200\" \/>\u00a0\u00a0\u00a0\u00a0\u00a0\u00a0\u00a0\u00a0 <img decoding=\"async\" loading=\"lazy\" class=\"img\" src=\"https:\/\/scontent.fuio4-1.fna.fbcdn.net\/v\/t1.0-0\/c0.0.200.200a\/p200x200\/45514904_2236034303095955_3285691475119046656_n.jpg?_nc_cat=104&amp;_nc_ht=scontent.fuio4-1.fna&amp;oh=22d1553015a2adf61ddd29b669d3224b&amp;oe=5D0D42BF\" alt=\"La imagen puede contener: una persona, interior\" width=\"200\" height=\"200\" \/>\u00a0\u00a0\u00a0\u00a0\u00a0 <img decoding=\"async\" loading=\"lazy\" class=\"img\" src=\"https:\/\/scontent.fuio4-1.fna.fbcdn.net\/v\/t1.0-0\/c33.0.200.200a\/p200x200\/46075914_2236034349762617_3951225309361078272_n.jpg?_nc_cat=104&amp;_nc_ht=scontent.fuio4-1.fna&amp;oh=b3bda91820bc1ffc45664980553c2235&amp;oe=5D5026D6\" alt=\"No hay ninguna descripci\u00f3n de la foto disponible.\" width=\"200\" height=\"200\" \/><\/p>\n<p>Realizado el d\u00eda 6 de noviembre del 2018, en el Auditorio de Caritas Ecuador<\/p>\n<p>El taller considero acciones emprendidas dentro del marco orientados del Laudato S\u00ed, emitida por el Papa Francisco, que se ven reflejadas en diversas estrategias para el cuidado de la casa com\u00fan en cada uno de los procesos que llevan adelante las copartes de Misereor.<\/p>\n<div class=\"text_exposed_show\">\n<p>Tambi\u00e9n se di\u00f3 a conocer y se analizo las diferentes consecuencias del \u00e9xodo de nuestros hermanos\/as venezolanos y el impacto que ha tenido no solo en el Ecuador, sino tambi\u00e9n en la regi\u00f3n.<\/p>\n<p>Se pudo conocer a nuevas copartes de Misereor, raz\u00f3n por la que se abri\u00f3 un dialogo para conocer y compartir opiniones respecto de la posibilidad de reiniciar conversaciones para tener un espacio permanente de intercambio, de reflexiones, de apoyo mutuo entre copartes sobre temas de inter\u00e9s com\u00fan, se espera tener un encuentro para febrero 2019, para conocer m\u00e1s y plantear un programa de talleres, intercambios, pasantias entre los t\u00e9cnicos de los grupos.<\/p>\n<p>Participaron representantes de:<br \/>\nAcci\u00f3n Ecol\u00f3gica<br \/>\nCorporaci\u00f3n Fraterna<br \/>\nFEPP &#8211; CUENCA<\/p>\n<p>FIAN<br \/>\nFundaci\u00f3n Ecuatoriana del H\u00e1bitat &#8211; funhabit<br \/>\nFundaci\u00f3n Social Cultural &#8211; Ibarra<br \/>\nPastoral Social Caritas Riobamba<br \/>\nPastoral Social Caritas Sucumbios<br \/>\nPastoral Social Caritas Esmeraldas<br \/>\nPastoral Social Caritas Zamora<br \/>\nREPAM &#8211; Red Amaz\u00f3nica<br \/>\nVicariato Apost\u00f3lico Caritas Puyo<br \/>\nAdem\u00e1s, se conto con el acompa\u00f1amiento de los Responsables de Misereor &#8211; Alemania -Irmgard Soentgen y Dieter Richarz y,<br \/>\nlos Asesores locales Misereor, esperamos que este esfuerzo de resultados a corto plazo en beneficio de las copartes y en especial de los grupos a los cuales se apoya a trav\u00e9s de estos proyectos<\/p>\n<\/div>\n","protected":false},"excerpt":{"rendered":"<p>\u00a0\u00a0\u00a0\u00a0\u00a0\u00a0\u00a0\u00a0 \u00a0\u00a0\u00a0\u00a0\u00a0 Realizado el d\u00eda 6 de noviembre del 2018, en el Auditorio de Caritas Ecuador El taller considero acciones emprendidas dentro del marco orientados del Laudato S\u00ed, emitida por el Papa Francisco, que se ven reflejadas en diversas estrategias para el cuidado de la casa com\u00fan en cada uno de los procesos que llevan [&hellip;]<\/p>\n","protected":false},"author":1,"featured_media":802,"comment_status":"closed","ping_status":"closed","sticky":false,"template":"","format":"standard","meta":[],"categories":[6],"tags":[],"_links":{"self":[{"href":"https:\/\/funhabit.org.ec\/index.php?rest_route=\/wp\/v2\/posts\/704"}],"collection":[{"href":"https:\/\/funhabit.org.ec\/index.php?rest_route=\/wp\/v2\/posts"}],"about":[{"href":"https:\/\/funhabit.org.ec\/index.php?rest_route=\/wp\/v2\/types\/post"}],"author":[{"embeddable":true,"href":"https:\/\/funhabit.org.ec\/index.php?rest_route=\/wp\/v2\/users\/1"}],"replies":[{"embeddable":true,"href":"https:\/\/funhabit.org.ec\/index.php?rest_route=%2Fwp%2Fv2%2Fcomments&post=704"}],"version-history":[{"count":12,"href":"https:\/\/funhabit.org.ec\/index.php?rest_route=\/wp\/v2\/posts\/704\/revisions"}],"predecessor-version":[{"id":876,"href":"https:\/\/funhabit.org.ec\/index.php?rest_route=\/wp\/v2\/posts\/704\/revisions\/876"}],"wp:featuredmedia":[{"embeddable":true,"href":"https:\/\/funhabit.org.ec\/index.php?rest_route=\/wp\/v2\/media\/802"}],"wp:attachment":[{"href":"https:\/\/funhabit.org.ec\/index.php?rest_route=%2Fwp%2Fv2%2Fmedia&parent=704"}],"wp:term":[{"taxonomy":"category","embeddable":true,"href":"https:\/\/funhabit.org.ec\/index.php?rest_route=%2Fwp%2Fv2%2Fcategories&post=704"},{"taxonomy":"post_tag","embeddable":true,"href":"https:\/\/funhabit.org.ec\/index.php?rest_route=%2Fwp%2Fv2%2Ftags&post=704"}],"curies":[{"name":"wp","href":"https:\/\/api.w.org\/{rel}","templated":true}]}}