{"id":702,"date":"2018-10-15T11:07:59","date_gmt":"2018-10-15T11:07:59","guid":{"rendered":"http:\/\/funhabit.org.ec\/?p=702"},"modified":"2022-04-10T00:03:14","modified_gmt":"2022-04-10T00:03:14","slug":"2da-mesa-de-trabajo-para-compartir-y-reflexionar-respecto-del-habitat-rural-integral-digno","status":"publish","type":"post","link":"https:\/\/funhabit.org.ec\/?p=702","title":{"rendered":"2DA mesa de trabajo para compartir y reflexionar RESPECTO DEL H\u00c1BITAT RURAL INTEGRAL DIGNO"},"content":{"rendered":"<p><img decoding=\"async\" loading=\"lazy\" class=\"img\" src=\"https:\/\/scontent.fuio4-1.fna.fbcdn.net\/v\/t1.0-0\/c61.0.200.200a\/p200x200\/45860131_2236151786417540_5720904452680974336_n.jpg?_nc_cat=100&amp;_nc_ht=scontent.fuio4-1.fna&amp;oh=7bc304c26e588000fa0213321f69b352&amp;oe=5D4533B6\" alt=\"La imagen puede contener: 3 personas, personas sentadas e interior\" width=\"171\" height=\"171\" \/>\u00a0\u00a0.\u00a0<img decoding=\"async\" loading=\"lazy\" class=\"spotlight\" src=\"https:\/\/scontent.fuio4-1.fna.fbcdn.net\/v\/t1.0-9\/45872637_2236151843084201_6002625664161677312_n.jpg?_nc_cat=108&amp;_nc_ht=scontent.fuio4-1.fna&amp;oh=bed75fb196aaa8dd6f1663c6b368a517&amp;oe=5D4FBF38\" alt=\"La imagen puede contener: 4 personas, personas sonriendo, personas sentadas y mesa\" width=\"230\" height=\"172\" aria-busy=\"false\" \/>\u00a0 \u00a0<img decoding=\"async\" loading=\"lazy\" class=\"spotlight\" src=\"https:\/\/scontent.fuio4-1.fna.fbcdn.net\/v\/t1.0-9\/45856527_2236152076417511_5861458704846553088_n.jpg?_nc_cat=106&amp;_nc_ht=scontent.fuio4-1.fna&amp;oh=7941d0075bebffea69f9f81612e99779&amp;oe=5D465967\" alt=\"La imagen puede contener: 2 personas, personas sentadas e interior\" width=\"233\" height=\"175\" aria-busy=\"false\" \/><\/p>\n<p>Este evento se realiz\u00f3 en el Centro Funhabit Pujili el d\u00eda 17 de octubre del 2018<\/p>\n<p>Participaron representantes de las comunidades de La Moya, Comunidad Cuisana, Guayama Grande, Yanashpa, Saraugsha.<br \/>\nMAG, Cotopaxi,<span class=\"text_exposed_show\"><br \/>\nComit\u00e9 Ecum\u00e9nico de Proyecto \u2013 CEP,<br \/>\nCONGOPE,<br \/>\nFUNHABIT,<br \/>\nHongos La Aldea,<br \/>\nMesa Sectorial del Bamb\u00fa,<br \/>\nProAmazon\u00eda,<br \/>\nPontificia Universidad Cat\u00f3lica &#8211; PUCE,<br \/>\nSENPLADES, regional Tungurahua,<br \/>\nSOMOS ECUADOR.<\/span><\/p>\n<div class=\"text_exposed_show\">\n<p>Fue un dialogo productivo de reflexi\u00f3n y an\u00e1lsis de lo rural, de sus problemas y posibles propuestas de soluci\u00f3n, adem\u00e1s, se pudo abordar el tema de las formas de intervenci\u00f3n &#8220;metodolog\u00edas&#8221;, se inicio en plenaria para luego trabajar en grupos de an\u00e1lisis y propuestas por caso de intervenci\u00f3n, obteniendo insumos para el ajuste a la propuesta promovida por Funhabit y que con este trabajo pasa a ser del grupo de trabajo.<br \/>\nEl taller estuvo liderado y facilitado por Luis Gallegos de Funhabit y Vanessa Pinto de Somos Ecuador.<br \/>\nEsperamos sistematizar este proceso y poder compartirlo con otros grupos para su conocimiento y aportes para mejorarla y poder difundirla como estrateg\u00eda de trabajo hacia lo rural.<\/p>\n<p><img decoding=\"async\" loading=\"lazy\" class=\"spotlight\" src=\"https:\/\/scontent.fuio4-1.fna.fbcdn.net\/v\/t1.0-9\/46113905_2237551449610907_2736448738024226816_n.png?_nc_cat=100&amp;_nc_ht=scontent.fuio4-1.fna&amp;oh=4b85bc2d72254711ea383c99b8894aa3&amp;oe=5D4672DB\" alt=\"No hay ninguna descripci\u00f3n de la foto disponible.\" width=\"255\" height=\"177\" aria-busy=\"true\" \/>\u00a0.\u00a0<img decoding=\"async\" loading=\"lazy\" class=\"spotlight\" src=\"https:\/\/scontent.fuio4-1.fna.fbcdn.net\/v\/t1.0-9\/46075158_2237551292944256_7326520728671485952_n.png?_nc_cat=108&amp;_nc_ht=scontent.fuio4-1.fna&amp;oh=37a2a7eeb70663e4e7d598ea0e0759f2&amp;oe=5D035581\" alt=\"No hay ninguna descripci\u00f3n de la foto disponible.\" width=\"243\" height=\"168\" aria-busy=\"false\" \/>\u00a0.\u00a0<img decoding=\"async\" loading=\"lazy\" class=\"spotlight\" src=\"https:\/\/scontent.fuio4-1.fna.fbcdn.net\/v\/t1.0-9\/45825007_2236151749750877_1868582082549121024_n.jpg?_nc_cat=104&amp;_nc_ht=scontent.fuio4-1.fna&amp;oh=bffb40a19964f9287ef3e7fc102241e2&amp;oe=5D3C67BF\" alt=\"La imagen puede contener: una persona, interior\" width=\"202\" height=\"152\" aria-busy=\"false\" \/><\/p>\n<\/div>\n","protected":false},"excerpt":{"rendered":"<p>\u00a0\u00a0.\u00a0\u00a0 \u00a0 Este evento se realiz\u00f3 en el Centro Funhabit Pujili el d\u00eda 17 de octubre del 2018 Participaron representantes de las comunidades de La Moya, Comunidad Cuisana, Guayama Grande, Yanashpa, Saraugsha. MAG, Cotopaxi, Comit\u00e9 Ecum\u00e9nico de Proyecto \u2013 CEP, CONGOPE, FUNHABIT, Hongos La Aldea, Mesa Sectorial del Bamb\u00fa, ProAmazon\u00eda, Pontificia Universidad Cat\u00f3lica &#8211; PUCE, [&hellip;]<\/p>\n","protected":false},"author":1,"featured_media":723,"comment_status":"closed","ping_status":"closed","sticky":false,"template":"","format":"standard","meta":[],"categories":[6],"tags":[],"_links":{"self":[{"href":"https:\/\/funhabit.org.ec\/index.php?rest_route=\/wp\/v2\/posts\/702"}],"collection":[{"href":"https:\/\/funhabit.org.ec\/index.php?rest_route=\/wp\/v2\/posts"}],"about":[{"href":"https:\/\/funhabit.org.ec\/index.php?rest_route=\/wp\/v2\/types\/post"}],"author":[{"embeddable":true,"href":"https:\/\/funhabit.org.ec\/index.php?rest_route=\/wp\/v2\/users\/1"}],"replies":[{"embeddable":true,"href":"https:\/\/funhabit.org.ec\/index.php?rest_route=%2Fwp%2Fv2%2Fcomments&post=702"}],"version-history":[{"count":5,"href":"https:\/\/funhabit.org.ec\/index.php?rest_route=\/wp\/v2\/posts\/702\/revisions"}],"predecessor-version":[{"id":788,"href":"https:\/\/funhabit.org.ec\/index.php?rest_route=\/wp\/v2\/posts\/702\/revisions\/788"}],"wp:featuredmedia":[{"embeddable":true,"href":"https:\/\/funhabit.org.ec\/index.php?rest_route=\/wp\/v2\/media\/723"}],"wp:attachment":[{"href":"https:\/\/funhabit.org.ec\/index.php?rest_route=%2Fwp%2Fv2%2Fmedia&parent=702"}],"wp:term":[{"taxonomy":"category","embeddable":true,"href":"https:\/\/funhabit.org.ec\/index.php?rest_route=%2Fwp%2Fv2%2Fcategories&post=702"},{"taxonomy":"post_tag","embeddable":true,"href":"https:\/\/funhabit.org.ec\/index.php?rest_route=%2Fwp%2Fv2%2Ftags&post=702"}],"curies":[{"name":"wp","href":"https:\/\/api.w.org\/{rel}","templated":true}]}}